{"id":123646,"date":"2026-02-24T04:37:45","date_gmt":"2026-02-24T03:37:45","guid":{"rendered":"https:\/\/curlsforyou.dk\/ikke-kategoriseret\/hvorfor-maend-vaelger-kroellet-look\/"},"modified":"2026-02-24T16:26:07","modified_gmt":"2026-02-24T15:26:07","slug":"hvorfor-maend-vaelger-kroellet-look","status":"publish","type":"post","link":"https:\/\/curlsforyou.dk\/se\/curls\/hvorfor-maend-vaelger-kroellet-look\/","title":{"rendered":"Hvorfor m\u00e6nd v\u00e6lger kr\u00f8llet look \u2013 Selvtillid og identitet"},"content":{"rendered":"<p>Kr\u00f8llet h\u00e5r handler ikke kun om udseende for mange m\u00e6nd i Danmark. Det er et klart signal om <strong>autenticitet og selvtillid<\/strong>, hvor du viser verden, at du st\u00e5r ved din naturlige tekstur. If\u00f8lge forskning er h\u00e5r en vigtig del af maskulin identitet, og din kr\u00f8lletype p\u00e5virker b\u00e5de selvopfattelse og andres syn p\u00e5 dig. Her f\u00e5r du inspiration, der hj\u00e6lper dig med at vedligeholde sundere, mere definerede kr\u00f8ller og styrke dit personlige udtryk.<\/p>\n<h2 id=\"indholdsfortegnelse\">Inneh\u00e5llsf\u00f6rteckning<\/h2>\n<ul>\n<li><a href=\"#hvad-betyder-det-at-have-krollet-look\">Hvad betyder det at have kr\u00f8llet look?<\/a><\/li>\n<li><a href=\"#forskellige-krolletyper-og-mandlige-identiteter\">Forskellige kr\u00f8lletyper og mandlige identiteter<\/a><\/li>\n<li><a href=\"#curly-girl-method-fordele-for-maends-har\">Curly girl method: fordele for m\u00e6nds h\u00e5r<\/a><\/li>\n<li><a href=\"#psykologiske-og-sociale-arsager-bag-valget\">Psykologiske og sociale \u00e5rsager bag valget<\/a><\/li>\n<li><a href=\"#oplevede-udfordringer-og-typiske-fejl\">Oplevede udfordringer og typiske fejl<\/a><\/li>\n<\/ul>\n<h2 id=\"noglepunkter\">N\u00f8glepunkter<\/h2>\n<table>\n<thead>\n<tr>\n<th>Punkt<\/th>\n<th>Detaljer<\/th>\n<\/tr>\n<\/thead>\n<tbody>\n<tr>\n<td><strong>Kr\u00f8llet look som identitet<\/strong><\/td>\n<td>At b\u00e6re kr\u00f8llet h\u00e5r signalerer autenticitet og selvtillid. Det handler om at acceptere sin naturlige tekstur.<\/td>\n<\/tr>\n<tr>\n<td><strong>Pleje af kr\u00f8llet h\u00e5r<\/strong><\/td>\n<td>Investering i pleje og brug af de rigtige produkter er afg\u00f8rende for at opn\u00e5 sunde og definerede kr\u00f8ller.<\/td>\n<\/tr>\n<tr>\n<td><strong>Kr\u00f8lletyper og mandlig identitet<\/strong><\/td>\n<td>forskellige kr\u00f8lletyper p\u00e5virker ens m\u00e5de at udtrykke sin maskuline identitet p\u00e5.<\/td>\n<\/tr>\n<tr>\n<td><strong>Psykologiske faktorer<\/strong><\/td>\n<td>Kr\u00f8llet h\u00e5r kan v\u00e6re en erkl\u00e6ring om kulturel arv og autenticitet i en standardiseret verden.<\/td>\n<\/tr>\n<\/tbody>\n<\/table>\n<h2 id=\"hvad-betyder-det-at-have-krollet-look\">Hvad betyder det at have kr\u00f8llet look?<\/h2>\n<p>At have et kr\u00f8llet look handler om meget mere end bare h\u00e5r. Det er en bevidst stilvalg, der kommunikerer noget vigtigt om, hvem du er.<\/p>\n<p>Kr\u00f8llet h\u00e5r er ikke kun et udseende \u2013 det er et udsagn om autenticitet. N\u00e5r du viser dine naturlige kr\u00f8ller, viser du verden, at du accepterer dig selv, s\u00e5dan som du er. Det handler om at st\u00e5 ved din naturlige tekstur i stedet for at skjule den.<\/p>\n<p><strong>Selvtillid og identitet g\u00e5r h\u00e5nd i h\u00e5nd<\/strong> med at b\u00e6re kr\u00f8llet look. <a href=\"https:\/\/peloonpenn.com\/the-power-of-a-great-hairstyle-how-hair-impacts-confidence-and-identity\/\" rel=\"nofollow\">H\u00e5r p\u00e5virker b\u00e5de selvopfattelse og hvordan andre ser dig<\/a>, fordi det fungerer som et visuelt udtryk for din personlighed.<\/p>\n<p>For mange m\u00e6nd betyder kr\u00f8llet look:<\/p>\n<ul>\n<li>At v\u00e6re autentisk uden at gemme sig bag konventioner<\/li>\n<li>At vise styrke og selvkendskab<\/li>\n<li>At skabe en st\u00e6rk visuelt identitet<\/li>\n<li>At p\u00e5virke sin egen selvtillid positivt<\/li>\n<li>At v\u00e6re del af en kultur og histoire<\/li>\n<\/ul>\n<p>Kr\u00f8ller er ikke bare genetik \u2013 de bliver til betyder noget, n\u00e5r du investerer i at pleje dem ordentligt. Det betyder at du tager dig selv seri\u00f8st.<\/p>\n<blockquote><p>Kr\u00f8llet look er et udsagn om at v\u00e6re komfortabel i sin egen hud og ikke v\u00e6re bange for at v\u00e6re anderledes.<\/p><\/blockquote>\n<p>N\u00e5r du v\u00e6lger kr\u00f8llet look, v\u00e6lger du synlighed. Dine kr\u00f8ller fylder mere i rummet end glat h\u00e5r. Det er umuligt at v\u00e6re anonym med frodige kr\u00f8ller, og for mange m\u00e6nd er det netop pointen.<\/p>\n<p>Det betyder ogs\u00e5 at vise, at du investerer tid og energi i din egen pleje. En god kr\u00f8llet look kr\u00e6ver dedikation, og det signalerer at du v\u00e6rds\u00e6tter dig selv.<\/p>\n<p><em><strong>Professionelt tip<\/strong><\/em> <em>Find det produkt-s\u00e6t, der virker for dine kr\u00f8ller, s\u00e5 du kan vedligeholde dit look konsekvent uden at bruge timer hver dag \u2013 selvtillid handler ogs\u00e5 om at g\u00f8re livet sjovere.<\/em><\/p>\n<h2 id=\"forskellige-krolletyper-og-mandlige-identiteter\">Forskellige kr\u00f8lletyper og mandlige identiteter<\/h2>\n<p>Kr\u00f8lletyper er ikke bare et sp\u00f8rgsm\u00e5l om, hvordan dit h\u00e5r ser ud \u2013 de er t\u00e6t forbundet med, hvordan du udtrykker din identitet som mand.<\/p>\n<p><a href=\"https:\/\/www.thefashionisto.com\/hair\/curly-hair-types-men\/\" rel=\"nofollow\">Kr\u00f8llet h\u00e5r opdeles i forskellige m\u00f8nstre<\/a>, fra l\u00f8se b\u00f8lger til t\u00e6tte coils, og hver type fort\u00e6ller sin egen historie. L\u00f8sere kr\u00f8ller signalerer ofte afslappethed og en legende tilgang til livet, mens t\u00e6tte coils kan forbindes med styrke, kompleksitet og kulturel arv.<\/p>\n<p><img decoding=\"async\" src=\"https:\/\/csuxjmfbwmkxiegfpljm.supabase.co\/storage\/v1\/object\/public\/blog-images\/organization-16473\/1771904234032_image.png\" alt=\"M\u00e6nd med alle slags kr\u00f8llet h\u00e5r samlet\" \/><\/p>\n<p>Din kr\u00f8lletype p\u00e5virker meget mere end bare dit udseende:<\/p>\n<p>Herunder findes en oversigt over de fire typiske kr\u00f8lletyper og hvordan de afspejler mandlig identitet:<\/p>\n<table>\n<thead>\n<tr>\n<th>Kr\u00f8lletype<\/th>\n<th>Visuelt kendetegn<\/th>\n<th>Typisk identitetssignal<\/th>\n<th>Anbefalet pleje<\/th>\n<\/tr>\n<\/thead>\n<tbody>\n<tr>\n<td>L\u00f8se b\u00f8lger<\/td>\n<td>Bl\u00f8de, \u00e5bne kurver<\/td>\n<td>Afslappet og tilg\u00e6ngelig<\/td>\n<td>Let fugtgivende balsam<\/td>\n<\/tr>\n<tr>\n<td>Middelkr\u00f8ller<\/td>\n<td>Markante s-formede b\u00f8lger<\/td>\n<td>Moderne og balanceret<\/td>\n<td>Fugtmaske ugentligt<\/td>\n<\/tr>\n<tr>\n<td>Spiralkr\u00f8ller<\/td>\n<td>T\u00e6tte, tydelige spiraler<\/td>\n<td>Individualitet og p\u00e5stand<\/td>\n<td>Leave-in conditioner<\/td>\n<\/tr>\n<tr>\n<td>T\u00e6tte coils<\/td>\n<td>Meget sm\u00e5, t\u00e6tte kr\u00f8ller<\/td>\n<td>Styrke og kulturel stolthed<\/td>\n<td>Hyppig deep conditioning<\/td>\n<\/tr>\n<\/tbody>\n<\/table>\n<ul>\n<li>L\u00f8se b\u00f8lger: signalerer en afslappet og tilg\u00e6ngelig mand<\/li>\n<li>Middelkr\u00f8ller: balancer mellem klassisk og selvst\u00e6ndig udtryksform<\/li>\n<li>T\u00e6tte coils: viser kraft, dybde og kulturel forbindelse<\/li>\n<li>Spiralkr\u00f8ller: kommunikerer individualitet og p\u00e5stand<\/li>\n<\/ul>\n<p><strong>Hvordan du definerer din kr\u00f8lletype bliver en del af din maskuline identitet.<\/strong> Det handler ikke kun om genetik \u2013 det handler om hvordan du accepterer og fejrer det, du har f\u00e5et.<\/p>\n<p>Diskussioner om, hvad der definerer \u201crigtige\u201d kr\u00f8ller, afsl\u00f8rer noget interessant: identitet konstrueres gennem h\u00e5rtypen. <a href=\"https:\/\/berkeleyhighjacket.com\/2024\/entertainment\/curl-police\" rel=\"nofollow\">At eie og definere sin egen kr\u00f8lletype<\/a> kan v\u00e6re afg\u00f8rende for, hvordan du etablerer og udfordrer din maskuline identitet i sociale sammenh\u00e6nge.<\/p>\n<p>For mange m\u00e6nd betyder det at omfavne deres kr\u00f8lletype at tage kontrollen over deres eget narrative. Du s\u00e6tter dagsordenen for, hvem du er \u2013 ikke samfundets forventninger.<\/p>\n<blockquote><p>Din kr\u00f8lletype er en del af dit unikke fingeraftryk som mand \u2013 det handler om at elske det, du ser i spejlet.<\/p><\/blockquote>\n<p>Kvinder har l\u00e6nge forst\u00e5et denne forbindelse mellem h\u00e5r og identitet. M\u00e6nd begynder nu at g\u00f8re det samme \u2013 og det \u00e6ndrer spillet.<\/p>\n<p><em><strong>Professionelt tip<\/strong><\/em> <em>L\u00e6r din egen kr\u00f8lletype at kende ved at eksperimentere med forskellige produkter og teknikker, s\u00e5 du kan udvikle en rutine, der fejrer netop din kr\u00f8lleform.<\/em><\/p>\n<h2 id=\"curly-girl-method-fordele-for-maends-har\">Curly Girl Method: Fordele for m\u00e6nds h\u00e5r<\/h2>\n<p>Curly Girl Metoden er ikke kun for kvinder \u2013 den er en game-changer for m\u00e6nd, der vil have sundere, mere definerede kr\u00f8ller.<\/p>\n<p>Metoden fokuserer p\u00e5 at bevare kr\u00f8llets naturlige struktur ved at undg\u00e5 skadelige kemikalier. <a href=\"https:\/\/www.medicalnewstoday.com\/articles\/curly-girl-method\" rel=\"nofollow\">Sulfater, silikoner og varmebehandlinger<\/a> \u00f8del\u00e6gger ofte kr\u00f8llet h\u00e5r fra indsiden, hvilket g\u00f8r det t\u00f8rt og fragiliseret.<\/p>\n<p>For m\u00e6nd betyder Curly Girl Metoden konkrete fordele:<\/p>\n<ul>\n<li>Mere definerede og bouncende kr\u00f8ller<\/li>\n<li>Mindre frizz og t\u00f8rhed<\/li>\n<li>Glansere og sundere h\u00e5rkvalitet<\/li>\n<li>Mindre behov for styling-produkter til daglig brug<\/li>\n<li>Reduceret h\u00e5rtab fra beskadiger<\/li>\n<\/ul>\n<p><strong>Co-washing er hj\u00f8rnestenenen i metoden.<\/strong> Du bruger conditioner i stedet for shampoo til at rense h\u00e5ret, hvilket bevarer naturlige olier, der holder dine kr\u00f8ller fugtige og st\u00e6rke.<\/p>\n<p><a href=\"https:\/\/en.wikipedia.org\/wiki\/Curly_Girl_Method\" rel=\"nofollow\">Uden varme og uden aggressive rensemetoder<\/a> f\u00e5r dine kr\u00f8ller mulighed for at vise deres naturlige m\u00f8nster. Det betyder mindre tidsforbrug med f\u00f6n og styling-v\u00e6rkt\u00f8jer \u2013 og bedre resultater til geng\u00e6ld.<\/p>\n<p>Mange m\u00e6nd siger, at de efter f\u00e5 uger med Curly Girl Metoden oplever markant sundere h\u00e5r. Dine kr\u00f8ller bliver tykkere, mere elastiske og h\u00e5ndterer fugt meget bedre.<\/p>\n<blockquote><p>Curly Girl Metoden handler ikke om at g\u00f8re mere \u2013 det handler om at g\u00f8re mindre med de rigtige produkter.<\/p><\/blockquote>\n<p>Det vigtigste er at v\u00e6re konsekvent. Dine kr\u00f8ller skal v\u00e6nne sig til rutinen, og det tager typisk 4-6 uger, f\u00f8r du ser det fulde resultat.<\/p>\n<p><em><strong>Professionelt tip<\/strong><\/em> <em>Start med at skifte til sulfatfri produkter og co-washing, og vent mindst en m\u00e5ned, f\u00f8r du vurderer resultaterne \u2013 t\u00e5lmodighed er n\u00f8glen til sundere kr\u00f8ller.<\/em><\/p>\n<h2 id=\"psykologiske-og-sociale-arsager-bag-valget\">Psykologiske og sociale \u00e5rsager bag valget<\/h2>\n<p>Valget om at b\u00e6re kr\u00f8llet look er sj\u00e6ldent blot \u00e6stetisk \u2013 det er dybt forankret i psykologi og sociale faktorer.<\/p>\n<p><img decoding=\"async\" src=\"https:\/\/csuxjmfbwmkxiegfpljm.supabase.co\/storage\/v1\/object\/public\/blog-images\/organization-16473\/1771904258221_infografik-om-maends-psykologiske-og-sociale-valg-_S1VzMrz_bFq6nXLO4ty2a.png\" alt=\"Infografik: Hvorfor v\u00e6lger m\u00e6nd kr\u00f8ller? \u2013 Psykologiske og sociale overvejelser\" \/><\/p>\n<p>For mange m\u00e6nd handler det om at udtrykke <strong>autenticitet og selvtillid.<\/strong> Det kr\u00e6ver mod at afvise de standardiserede h\u00e5rstile og v\u00e6lge noget, der f\u00f8les sandt for dig selv.<\/p>\n<p><a href=\"https:\/\/necolebitchie.com\/do-guys-find-curly-or-straight-hair-attractive\/\" rel=\"nofollow\">Kr\u00f8llet h\u00e5r kan v\u00e6re forbundet med personlighedstr\u00e6k som kreativitet og spontanitet<\/a>, hvilket betyder, at mange m\u00e6nd ser deres kr\u00f8ller som en udvidelse af deres identitet, ikke blot deres udseende.<\/p>\n<p>De vigtigste psykologiske og sociale faktorer er:<\/p>\n<ul>\n<li>\u00d8nske om at skille sig ud og v\u00e6re individuel<\/li>\n<li>Kulture arv og f\u00f8lelse af tilh\u00f8rsforhold<\/li>\n<li>Modstand mod europ\u00e6iske sk\u00f8nhedsidealer<\/li>\n<li>S\u00f8gen efter autenticitet i en standardiseret verden<\/li>\n<li>F\u00f8lelsen af at v\u00e6re komfortabel i sin egen hud<\/li>\n<\/ul>\n<p><strong>Kulturel identitet spiller en stor rolle.<\/strong> For mange m\u00e6nd med kr\u00f8llet h\u00e5r er det en m\u00e5de at bevare forbindelsen til deres kulturelle arv og familiehistorie.<\/p>\n<p><a href=\"https:\/\/fashionispsychology.com\/the-psychological-shift-in-embracing-curls\/\" rel=\"nofollow\">Kr\u00f8llet h\u00e5r kan v\u00e6re b\u00e5de en politisk og kulturel erkl\u00e6ring<\/a>, der afviser konformitet og fejrer naturens mangfoldighed. Det handler om at sige: \u201cJeg er ikke n\u00f8dt til at \u00e6ndre mig for at passe ind.\u201d<\/p>\n<p>Sociale normer og mediebilleder p\u00e5virker stadig, hvordan m\u00e6nd t\u00e6nker p\u00e5 deres h\u00e5r. Men der sker en skift \u2013 flere m\u00e6nd ser kr\u00f8llet h\u00e5r som et tegn p\u00e5 selvsikkerhed og styrke.<\/p>\n<blockquote><p>At v\u00e6lge kr\u00f8llet look er at v\u00e6lge at v\u00e6re \u00e6gte i en verden, der ofte bel\u00f8nner at passe ind.<\/p><\/blockquote>\n<p>Det handler ogs\u00e5 om frihed. Mange m\u00e6nd oplever det som frigj\u00f8rende at acceptere deres naturlige tekstur i stedet for at bruge timer p\u00e5 at f\u00e5 det lige.<\/p>\n<p><em><strong>Professionelt tip<\/strong><\/em> <em>Hvis du stadig f\u00f8ler usikkerhed omkring dine kr\u00f8ller, husk at hver mand, du ser med selvtillid i sit kr\u00f8llede h\u00e5r, startede med pr\u00e6cis det samme sp\u00f8rgsm\u00e5l \u2013 accepter processen.<\/em><\/p>\n<h2 id=\"oplevede-udfordringer-og-typiske-fejl\">Oplevede udfordringer og typiske fejl<\/h2>\n<p>At vedligeholde kr\u00f8llet h\u00e5r kr\u00e6ver mere end blot gode intentioner \u2013 mange m\u00e6nd st\u00f8der p\u00e5 udfordringer, fordi de ikke ved, hvad de skal undg\u00e5.<\/p>\n<p>De mest almindelige problemer handler om <strong>t\u00f8rhed og frizz.<\/strong> Disse opst\u00e5r ofte, fordi kr\u00f8llet h\u00e5r naturligt mister fugt hurtigere end glat h\u00e5r, og forkerte produkter g\u00f8r det v\u00e6rre.<\/p>\n<p><a href=\"https:\/\/www.reuzel.com\/blogs\/news\/curly-hair-men\" rel=\"nofollow\">Overbrug af shampoo udt\u00f8rrer h\u00e5ret ved at fjerne naturlige olier<\/a>, som beskytter dine kr\u00f8ller og giver dem glans. Dette er en af de st\u00f8rste fejl m\u00e6nd beg\u00e5r.<\/p>\n<p>De vigtigste fejl og udfordringer er:<\/p>\n<ul>\n<li>Brug af almindelig shampoo i stedet for sulfatfrie produkter<\/li>\n<li>Overdreven b\u00f8rstning eller brug af fine kamme<\/li>\n<li>Forkert t\u00f8rremetode, is\u00e6r at gneede h\u00e5ret med h\u00e5ndkl\u00e6de<\/li>\n<li>For meget varme fra f\u00f6n uden diffuser<\/li>\n<li>Valg af produkter, der tynger eller stivner kr\u00f8llerne<\/li>\n<\/ul>\n<p><strong>Forkert h\u00e5ndtering af v\u00e5dt h\u00e5r \u00f8del\u00e6gger kr\u00f8llets form.<\/strong> N\u00e5r du griber h\u00e5ret for h\u00e5rdt eller b\u00f8rster det, n\u00e5r det er v\u00e5dt, bryder du kr\u00f8llerne og mister definition.<\/p>\n<p>F\u00e5 hurtigt et overblik over almindelige fejl og deres konsekvenser ved kr\u00f8llet h\u00e5r:<\/p>\n<table>\n<thead>\n<tr>\n<th>Typisk fejl<\/th>\n<th>Hvad sker der?<\/th>\n<th>Bedre alternativ<\/th>\n<\/tr>\n<\/thead>\n<tbody>\n<tr>\n<td>Brug af almindelig shampoo<\/td>\n<td>Udvider og t\u00f8rrer h\u00e5ret ud<\/td>\n<td>Sulfatfri vask eller co-wash<\/td>\n<\/tr>\n<tr>\n<td>B\u00f8rstning af v\u00e5dt h\u00e5r<\/td>\n<td>Tab af definition og form<\/td>\n<td>Bredtandet kam i fugtigt h\u00e5r<\/td>\n<\/tr>\n<tr>\n<td>T\u00f8rring med h\u00e5rdt h\u00e5ndkl\u00e6de<\/td>\n<td>For\u00f8get frizz og kn\u00e6kkede spidser<\/td>\n<td>Mikrober eller forsigtig duppe<\/td>\n<\/tr>\n<tr>\n<td>Overdreven varme ved styling<\/td>\n<td>Skadet og por\u00f8st h\u00e5r<\/td>\n<td>Kold luft eller diffuser<\/td>\n<\/tr>\n<\/tbody>\n<\/table>\n<p><a href=\"https:\/\/shunsalon.com\/article\/why-is-curly-hair-in-men-so-hard-to-style\" rel=\"nofollow\">Blid h\u00e5ndtering, specielle produkter og luftt\u00f8rring<\/a> eller diffuser er n\u00f8glen til at bevare kr\u00f8llernes struktur og undg\u00e5 skader.<\/p>\n<p>Mange m\u00e6nd giver ogs\u00e5 op for tidligt. N\u00e5r du skifter til nye produkter og metoder, tager det typisk 4-6 uger, f\u00f8r dine kr\u00f8ller stabiliserer sig og viser deres fulde potentiale.<\/p>\n<blockquote><p>Den st\u00f8rste fejl er at behandle kr\u00f8llet h\u00e5r som glat h\u00e5r \u2013 de kr\u00e6ver fundamentalt anderledes pleje.<\/p><\/blockquote>\n<p>Undervurdering af fugtbehov f\u00f8rer ogs\u00e5 til stive, spr\u00f8de kr\u00f8ller. Dine kr\u00f8ller skal v\u00e6re fugtige for at kunne flekse og bevare deres form uden at v\u00e6re v\u00e5de.<\/p>\n<p><em><strong>Professionelt tip<\/strong><\/em> <em>Start med co-washing og deep conditioning i mindst en m\u00e5ned, f\u00f8r du vurderer resultaterne \u2013 giv dine kr\u00f8ller tid til at v\u00e6nne sig til den nye rutine.<\/em><\/p>\n<h2 id=\"fa-det-bedste-ud-af-dit-krollede-look-med-curlsforyoudk\">F\u00e5 det bedste ud af dit kr\u00f8llede look med <a href=\"http:\/\/CurlsForYou.dk\">CurlsForYou.dk<\/a><\/h2>\n<p>Kr\u00f8llet h\u00e5r kr\u00e6ver en s\u00e6rlig tilgang, og som artiklen fremh\u00e6ver, er det essentielt at v\u00e6lge plejeprodukter, der f\u00f8lger Curly Girl Metoden for at bevare kr\u00f8llernes naturlige struktur og styrke. Mange m\u00e6nd k\u00e6mper med t\u00f8rhed, frizz og forkert h\u00e5ndtering, men ved at bruge de rette produkter kan du styrke din selvtillid og fremh\u00e6ve din unikke identitet.<\/p>\n<p><img decoding=\"async\" src=\"https:\/\/csuxjmfbwmkxiegfpljm.supabase.co\/storage\/v1\/object\/public\/blog-images\/organization-16473\/1770969656684_curlsforyou.jpg\" alt=\"https:\/\/curlsforyou.dk\" \/><\/p>\n<p>Hos <a href=\"https:\/\/curlsforyou.dk\/se\/\">CurlsForYou.dk<\/a> finder du et bredt udvalg af sulfatfri og n\u00e6rende produkter designet specifikt til m\u00e6nd med kr\u00f8llet h\u00e5r. Uanset om du har l\u00f8se b\u00f8lger eller t\u00e6tte coils hj\u00e6lper vi dig med at skabe en effektiv rutine der minimerer frizz og fremh\u00e6ver dine kr\u00f8ller. Bes\u00f8g <a href=\"http:\/\/CurlsForYou.dk\">CurlsForYou.dk<\/a> i dag og oplev forskellen med produkter efter Curly Girl Metoden. Tag styringen over dit look nu og bliv den autentiske version af dig selv du fortjener.<\/p>\n<h2 id=\"ofte-stillede-sporgsmal\">FAQ - Vanliga fr\u00e5gor<\/h2>\n<h4 id=\"hvad-betyder-det-at-vaelge-et-krollet-look\">Hvad betyder det at v\u00e6lge et kr\u00f8llet look?<\/h4>\n<p>At v\u00e6lge et kr\u00f8llet look handler om autenticitet og selvaccept. Det signalerer, at man st\u00e5r ved sin naturlige tekstur og viser selvtillid ved at bryde med konventionelle sk\u00f8nhedsidealer.<\/p>\n<h4 id=\"hvordan-pavirker-min-krolletype-min-identitet\">Hvordan p\u00e5virker min kr\u00f8lletype min identitet?<\/h4>\n<p>Din kr\u00f8lletype kan reflektere din personlige identitet og hvordan du \u00f8nsker at blive opfattet. Forskellige kr\u00f8lletyper har unikke betydninger, som kan knyttes til karaktertr\u00e6k og kulturel arv.<\/p>\n<h4 id=\"hvad-er-fordelene-ved-at-bruge-curly-girl-metoden\">Hvad er fordelene ved at bruge Curly Girl Metoden?<\/h4>\n<p>Curly Girl Metoden hj\u00e6lper med at bevare kr\u00f8llernes naturlige struktur, hvilket resulterer i mere definerede kr\u00f8ller, mindre frizz og sundere h\u00e5rkvalitet, samtidig med at man reducerer behovet for stylingprodukter.<\/p>\n<h4 id=\"hvilke-fejl-skal-jeg-undga-nar-jeg-plejer-mit-krollede-har\">Hvilke fejl skal jeg undg\u00e5, n\u00e5r jeg plejer mit kr\u00f8llede h\u00e5r?<\/h4>\n<p>Almindelige fejl inkluderer brug af almindelig shampoo, overdreven b\u00f8rstning af v\u00e5dt h\u00e5r og h\u00e5rdt h\u00e5ndkl\u00e6de-t\u00f8rring. Det er vigtigt at bruge sulfatfrie produkter og h\u00e5ndtere h\u00e5ret blidt for at undg\u00e5 skader.<\/p>\n<h2 id=\"anbefaling\">Anbefaling<\/h2>\n<ul>\n<li><a href=\"https:\/\/curlsforyou.dk\/se\/curly-girl-metoden\/videnskaben-bag-kroeller-hvorfor-har-du-kroellet-haar\/\">Videnskaben bag kr\u00f8ller: Hvorfor har man kr\u00f8llet h\u00e5r? | CurlsForYou<\/a><\/li>\n<li><a href=\"https:\/\/curlsforyou.dk\/se\/curls\/kroellet-haars-livscyklus-pleje\/\">Kr\u00f8llet h\u00e5rs livscyklus: S\u00e5dan p\u00e5virker pleje dine kr\u00f8ller<\/a><\/li>\n<li><a href=\"https:\/\/curlsforyou.dk\/se\/curlsforyous-komplette-guide-til-curly-girl-metoden\/\">Guide | Komplett guide till metoden Curly Girl | curlsforyou.dk<\/a><\/li>\n<li><a href=\"https:\/\/curlsforyou.dk\/se\/curly-girl-metoden\/ordentlig-haar-og-kroellepleje-ogsaa-for-maend\/\">H\u00e5rprodukter til m\u00e6nd | CurlsForYou<\/a><\/li>\n<li><a href=\"https:\/\/philotes.nl\/waarom-goede-ondermode-essentieel\">Waarom goede ondermode jouw zelfvertrouwen versterkt<\/a><\/li>\n<\/ul>","protected":false},"excerpt":{"rendered":"<p>Hvorfor m\u00e6nd v\u00e6lger kr\u00f8llet look: Fordele, udfordringer og betydningen af Curly Girl Method for naturlige kr\u00f8ller, sundhed og personlig stil.<\/p>","protected":false},"author":2,"featured_media":123648,"comment_status":"open","ping_status":"open","sticky":false,"template":"","format":"standard","meta":{"footnotes":""},"categories":[345],"tags":[346],"class_list":["post-123646","post","type-post","status-publish","format-standard","has-post-thumbnail","hentry","category-curls","tag-curls"],"yoast_head":"<!-- This site is optimized with the Yoast SEO plugin v28.2 - https:\/\/yoast.com\/product\/yoast-seo-wordpress\/ -->\n<title>Hvorfor m\u00e6nd v\u00e6lger kr\u00f8llet look \u2013 Selvtillid og identitet<\/title>\n<meta name=\"description\" content=\"Hvorfor m\u00e6nd v\u00e6lger kr\u00f8llet look: Fordele, udfordringer og betydningen af Curly Girl Method for naturlige kr\u00f8ller, sundhed og personlig stil.\" \/>\n<meta name=\"robots\" content=\"index, follow, max-snippet:-1, max-image-preview:large, max-video-preview:-1\" \/>\n<link rel=\"canonical\" href=\"https:\/\/curlsforyou.dk\/se\/curls\/hvorfor-maend-vaelger-kroellet-look\/\" \/>\n<meta property=\"og:locale\" content=\"sv_SE\" \/>\n<meta property=\"og:type\" content=\"article\" \/>\n<meta property=\"og:title\" content=\"Hvorfor m\u00e6nd v\u00e6lger kr\u00f8llet look \u2013 Selvtillid og identitet\" \/>\n<meta property=\"og:description\" content=\"Hvorfor m\u00e6nd v\u00e6lger kr\u00f8llet look: Fordele, udfordringer og betydningen af Curly Girl Method for naturlige kr\u00f8ller, sundhed og personlig stil.\" \/>\n<meta property=\"og:url\" content=\"https:\/\/curlsforyou.dk\/se\/curls\/hvorfor-maend-vaelger-kroellet-look\/\" \/>\n<meta property=\"article:publisher\" content=\"https:\/\/www.facebook.com\/curlsforyou\" \/>\n<meta property=\"article:published_time\" content=\"2026-02-24T03:37:45+00:00\" \/>\n<meta property=\"article:modified_time\" content=\"2026-02-24T15:26:07+00:00\" \/>\n<meta property=\"og:image\" content=\"https:\/\/curlsforyou.dk\/app\/uploads\/2026\/02\/1771904239335_image.png\" \/>\n\t<meta property=\"og:image:width\" content=\"1344\" \/>\n\t<meta property=\"og:image:height\" content=\"768\" \/>\n\t<meta property=\"og:image:type\" content=\"image\/png\" \/>\n<meta name=\"author\" content=\"CurlsForYou\" \/>\n<meta name=\"twitter:card\" content=\"summary_large_image\" \/>\n<meta name=\"twitter:label1\" content=\"Skriven av\" \/>\n\t<meta name=\"twitter:data1\" content=\"CurlsForYou\" \/>\n\t<meta name=\"twitter:label2\" content=\"Ber\u00e4knad l\u00e4stid\" \/>\n\t<meta name=\"twitter:data2\" content=\"12 minuter\" \/>\n<script type=\"application\/ld+json\" class=\"yoast-schema-graph\">{\"@context\":\"https:\\\/\\\/schema.org\",\"@graph\":[{\"@type\":\"Article\",\"@id\":\"https:\\\/\\\/curlsforyou.dk\\\/en\\\/curls\\\/hvorfor-maend-vaelger-kroellet-look\\\/#article\",\"isPartOf\":{\"@id\":\"https:\\\/\\\/curlsforyou.dk\\\/en\\\/curls\\\/hvorfor-maend-vaelger-kroellet-look\\\/\"},\"author\":{\"name\":\"CurlsForYou\",\"@id\":\"https:\\\/\\\/curlsforyou.dk\\\/#\\\/schema\\\/person\\\/d5845e75ad93e1abf9644f4db7b2e2fe\"},\"headline\":\"Hvorfor m\u00e6nd v\u00e6lger kr\u00f8llet look \u2013 Selvtillid og identitet\",\"datePublished\":\"2026-02-24T03:37:45+00:00\",\"dateModified\":\"2026-02-24T15:26:07+00:00\",\"mainEntityOfPage\":{\"@id\":\"https:\\\/\\\/curlsforyou.dk\\\/en\\\/curls\\\/hvorfor-maend-vaelger-kroellet-look\\\/\"},\"wordCount\":2391,\"commentCount\":0,\"publisher\":{\"@id\":\"https:\\\/\\\/curlsforyou.dk\\\/#organization\"},\"image\":{\"@id\":\"https:\\\/\\\/curlsforyou.dk\\\/en\\\/curls\\\/hvorfor-maend-vaelger-kroellet-look\\\/#primaryimage\"},\"thumbnailUrl\":\"https:\\\/\\\/curlsforyou.dk\\\/app\\\/uploads\\\/2026\\\/02\\\/1771904239335_image.png\",\"keywords\":[\"curls\"],\"articleSection\":[\"Curls\"],\"inLanguage\":\"sv-SE\",\"potentialAction\":[{\"@type\":\"CommentAction\",\"name\":\"Comment\",\"target\":[\"https:\\\/\\\/curlsforyou.dk\\\/en\\\/curls\\\/hvorfor-maend-vaelger-kroellet-look\\\/#respond\"]}]},{\"@type\":\"WebPage\",\"@id\":\"https:\\\/\\\/curlsforyou.dk\\\/en\\\/curls\\\/hvorfor-maend-vaelger-kroellet-look\\\/\",\"url\":\"https:\\\/\\\/curlsforyou.dk\\\/en\\\/curls\\\/hvorfor-maend-vaelger-kroellet-look\\\/\",\"name\":\"Hvorfor m\u00e6nd v\u00e6lger kr\u00f8llet look \u2013 Selvtillid og identitet\",\"isPartOf\":{\"@id\":\"https:\\\/\\\/curlsforyou.dk\\\/#website\"},\"primaryImageOfPage\":{\"@id\":\"https:\\\/\\\/curlsforyou.dk\\\/en\\\/curls\\\/hvorfor-maend-vaelger-kroellet-look\\\/#primaryimage\"},\"image\":{\"@id\":\"https:\\\/\\\/curlsforyou.dk\\\/en\\\/curls\\\/hvorfor-maend-vaelger-kroellet-look\\\/#primaryimage\"},\"thumbnailUrl\":\"https:\\\/\\\/curlsforyou.dk\\\/app\\\/uploads\\\/2026\\\/02\\\/1771904239335_image.png\",\"datePublished\":\"2026-02-24T03:37:45+00:00\",\"dateModified\":\"2026-02-24T15:26:07+00:00\",\"description\":\"Hvorfor m\u00e6nd v\u00e6lger kr\u00f8llet look: Fordele, udfordringer og betydningen af Curly Girl Method for naturlige kr\u00f8ller, sundhed og personlig stil.\",\"breadcrumb\":{\"@id\":\"https:\\\/\\\/curlsforyou.dk\\\/en\\\/curls\\\/hvorfor-maend-vaelger-kroellet-look\\\/#breadcrumb\"},\"inLanguage\":\"sv-SE\",\"potentialAction\":[{\"@type\":\"ReadAction\",\"target\":[\"https:\\\/\\\/curlsforyou.dk\\\/en\\\/curls\\\/hvorfor-maend-vaelger-kroellet-look\\\/\"]}]},{\"@type\":\"ImageObject\",\"inLanguage\":\"sv-SE\",\"@id\":\"https:\\\/\\\/curlsforyou.dk\\\/en\\\/curls\\\/hvorfor-maend-vaelger-kroellet-look\\\/#primaryimage\",\"url\":\"https:\\\/\\\/curlsforyou.dk\\\/app\\\/uploads\\\/2026\\\/02\\\/1771904239335_image.png\",\"contentUrl\":\"https:\\\/\\\/curlsforyou.dk\\\/app\\\/uploads\\\/2026\\\/02\\\/1771904239335_image.png\",\"width\":1344,\"height\":768,\"caption\":\"En mand med kr\u00f8ller st\u00e5r foran spejlet\"},{\"@type\":\"BreadcrumbList\",\"@id\":\"https:\\\/\\\/curlsforyou.dk\\\/en\\\/curls\\\/hvorfor-maend-vaelger-kroellet-look\\\/#breadcrumb\",\"itemListElement\":[{\"@type\":\"ListItem\",\"position\":1,\"name\":\"Hjem\",\"item\":\"https:\\\/\\\/curlsforyou.dk\\\/se\\\/\"},{\"@type\":\"ListItem\",\"position\":2,\"name\":\"Hvorfor m\u00e6nd v\u00e6lger kr\u00f8llet look \u2013 Selvtillid og identitet\"}]},{\"@type\":\"WebSite\",\"@id\":\"https:\\\/\\\/curlsforyou.dk\\\/#website\",\"url\":\"https:\\\/\\\/curlsforyou.dk\\\/\",\"name\":\"\",\"description\":\"\",\"publisher\":{\"@id\":\"https:\\\/\\\/curlsforyou.dk\\\/#organization\"},\"potentialAction\":[{\"@type\":\"SearchAction\",\"target\":{\"@type\":\"EntryPoint\",\"urlTemplate\":\"https:\\\/\\\/curlsforyou.dk\\\/?s={search_term_string}\"},\"query-input\":{\"@type\":\"PropertyValueSpecification\",\"valueRequired\":true,\"valueName\":\"search_term_string\"}}],\"inLanguage\":\"sv-SE\"},{\"@type\":\"Organization\",\"@id\":\"https:\\\/\\\/curlsforyou.dk\\\/#organization\",\"name\":\"CurlsForYou\",\"url\":\"https:\\\/\\\/curlsforyou.dk\\\/\",\"logo\":{\"@type\":\"ImageObject\",\"inLanguage\":\"sv-SE\",\"@id\":\"https:\\\/\\\/curlsforyou.dk\\\/#\\\/schema\\\/logo\\\/image\\\/\",\"url\":\"\",\"contentUrl\":\"\",\"caption\":\"CurlsForYou\"},\"image\":{\"@id\":\"https:\\\/\\\/curlsforyou.dk\\\/#\\\/schema\\\/logo\\\/image\\\/\"},\"sameAs\":[\"https:\\\/\\\/www.facebook.com\\\/curlsforyou\",\"https:\\\/\\\/www.instagram.com\\\/curlsforyou.dk\\\/\"]},{\"@type\":\"Person\",\"@id\":\"https:\\\/\\\/curlsforyou.dk\\\/#\\\/schema\\\/person\\\/d5845e75ad93e1abf9644f4db7b2e2fe\",\"name\":\"CurlsForYou\",\"image\":{\"@type\":\"ImageObject\",\"inLanguage\":\"sv-SE\",\"@id\":\"https:\\\/\\\/secure.gravatar.com\\\/avatar\\\/bd3ecb3ab9f2f5704283cbc49fbc5aea02b0138ea57bf5edcb3a33d549d7fb5b?s=96&d=mm&r=g\",\"url\":\"https:\\\/\\\/secure.gravatar.com\\\/avatar\\\/bd3ecb3ab9f2f5704283cbc49fbc5aea02b0138ea57bf5edcb3a33d549d7fb5b?s=96&d=mm&r=g\",\"contentUrl\":\"https:\\\/\\\/secure.gravatar.com\\\/avatar\\\/bd3ecb3ab9f2f5704283cbc49fbc5aea02b0138ea57bf5edcb3a33d549d7fb5b?s=96&d=mm&r=g\",\"caption\":\"CurlsForYou\"},\"sameAs\":[\"https:\\\/\\\/curlsforyou.dk\"],\"url\":\"https:\\\/\\\/curlsforyou.dk\\\/se\\\/author\\\/curlsforyou\\\/\"}]}<\/script>\n<!-- \/ Yoast SEO plugin. -->","yoast_head_json":{"title":"Hvorfor m\u00e6nd v\u00e6lger kr\u00f8llet look \u2013 Selvtillid og identitet","description":"Hvorfor m\u00e6nd v\u00e6lger kr\u00f8llet look: Fordele, udfordringer og betydningen af Curly Girl Method for naturlige kr\u00f8ller, sundhed og personlig stil.","robots":{"index":"index","follow":"follow","max-snippet":"max-snippet:-1","max-image-preview":"max-image-preview:large","max-video-preview":"max-video-preview:-1"},"canonical":"https:\/\/curlsforyou.dk\/se\/curls\/hvorfor-maend-vaelger-kroellet-look\/","og_locale":"sv_SE","og_type":"article","og_title":"Hvorfor m\u00e6nd v\u00e6lger kr\u00f8llet look \u2013 Selvtillid og identitet","og_description":"Hvorfor m\u00e6nd v\u00e6lger kr\u00f8llet look: Fordele, udfordringer og betydningen af Curly Girl Method for naturlige kr\u00f8ller, sundhed og personlig stil.","og_url":"https:\/\/curlsforyou.dk\/se\/curls\/hvorfor-maend-vaelger-kroellet-look\/","article_publisher":"https:\/\/www.facebook.com\/curlsforyou","article_published_time":"2026-02-24T03:37:45+00:00","article_modified_time":"2026-02-24T15:26:07+00:00","og_image":[{"width":1344,"height":768,"url":"https:\/\/curlsforyou.dk\/app\/uploads\/2026\/02\/1771904239335_image.png","type":"image\/png"}],"author":"CurlsForYou","twitter_card":"summary_large_image","twitter_misc":{"Skriven av":"CurlsForYou","Ber\u00e4knad l\u00e4stid":"12 minuter"},"schema":{"@context":"https:\/\/schema.org","@graph":[{"@type":"Article","@id":"https:\/\/curlsforyou.dk\/en\/curls\/hvorfor-maend-vaelger-kroellet-look\/#article","isPartOf":{"@id":"https:\/\/curlsforyou.dk\/en\/curls\/hvorfor-maend-vaelger-kroellet-look\/"},"author":{"name":"CurlsForYou","@id":"https:\/\/curlsforyou.dk\/#\/schema\/person\/d5845e75ad93e1abf9644f4db7b2e2fe"},"headline":"Hvorfor m\u00e6nd v\u00e6lger kr\u00f8llet look \u2013 Selvtillid og identitet","datePublished":"2026-02-24T03:37:45+00:00","dateModified":"2026-02-24T15:26:07+00:00","mainEntityOfPage":{"@id":"https:\/\/curlsforyou.dk\/en\/curls\/hvorfor-maend-vaelger-kroellet-look\/"},"wordCount":2391,"commentCount":0,"publisher":{"@id":"https:\/\/curlsforyou.dk\/#organization"},"image":{"@id":"https:\/\/curlsforyou.dk\/en\/curls\/hvorfor-maend-vaelger-kroellet-look\/#primaryimage"},"thumbnailUrl":"https:\/\/curlsforyou.dk\/app\/uploads\/2026\/02\/1771904239335_image.png","keywords":["curls"],"articleSection":["Curls"],"inLanguage":"sv-SE","potentialAction":[{"@type":"CommentAction","name":"Comment","target":["https:\/\/curlsforyou.dk\/en\/curls\/hvorfor-maend-vaelger-kroellet-look\/#respond"]}]},{"@type":"WebPage","@id":"https:\/\/curlsforyou.dk\/en\/curls\/hvorfor-maend-vaelger-kroellet-look\/","url":"https:\/\/curlsforyou.dk\/en\/curls\/hvorfor-maend-vaelger-kroellet-look\/","name":"Hvorfor m\u00e6nd v\u00e6lger kr\u00f8llet look \u2013 Selvtillid og identitet","isPartOf":{"@id":"https:\/\/curlsforyou.dk\/#website"},"primaryImageOfPage":{"@id":"https:\/\/curlsforyou.dk\/en\/curls\/hvorfor-maend-vaelger-kroellet-look\/#primaryimage"},"image":{"@id":"https:\/\/curlsforyou.dk\/en\/curls\/hvorfor-maend-vaelger-kroellet-look\/#primaryimage"},"thumbnailUrl":"https:\/\/curlsforyou.dk\/app\/uploads\/2026\/02\/1771904239335_image.png","datePublished":"2026-02-24T03:37:45+00:00","dateModified":"2026-02-24T15:26:07+00:00","description":"Hvorfor m\u00e6nd v\u00e6lger kr\u00f8llet look: Fordele, udfordringer og betydningen af Curly Girl Method for naturlige kr\u00f8ller, sundhed og personlig stil.","breadcrumb":{"@id":"https:\/\/curlsforyou.dk\/en\/curls\/hvorfor-maend-vaelger-kroellet-look\/#breadcrumb"},"inLanguage":"sv-SE","potentialAction":[{"@type":"ReadAction","target":["https:\/\/curlsforyou.dk\/en\/curls\/hvorfor-maend-vaelger-kroellet-look\/"]}]},{"@type":"ImageObject","inLanguage":"sv-SE","@id":"https:\/\/curlsforyou.dk\/en\/curls\/hvorfor-maend-vaelger-kroellet-look\/#primaryimage","url":"https:\/\/curlsforyou.dk\/app\/uploads\/2026\/02\/1771904239335_image.png","contentUrl":"https:\/\/curlsforyou.dk\/app\/uploads\/2026\/02\/1771904239335_image.png","width":1344,"height":768,"caption":"En mand med kr\u00f8ller st\u00e5r foran spejlet"},{"@type":"BreadcrumbList","@id":"https:\/\/curlsforyou.dk\/en\/curls\/hvorfor-maend-vaelger-kroellet-look\/#breadcrumb","itemListElement":[{"@type":"ListItem","position":1,"name":"Hjem","item":"https:\/\/curlsforyou.dk\/se\/"},{"@type":"ListItem","position":2,"name":"Hvorfor m\u00e6nd v\u00e6lger kr\u00f8llet look \u2013 Selvtillid og identitet"}]},{"@type":"WebSite","@id":"https:\/\/curlsforyou.dk\/#website","url":"https:\/\/curlsforyou.dk\/","name":"","description":"","publisher":{"@id":"https:\/\/curlsforyou.dk\/#organization"},"potentialAction":[{"@type":"SearchAction","target":{"@type":"EntryPoint","urlTemplate":"https:\/\/curlsforyou.dk\/?s={search_term_string}"},"query-input":{"@type":"PropertyValueSpecification","valueRequired":true,"valueName":"search_term_string"}}],"inLanguage":"sv-SE"},{"@type":"Organization","@id":"https:\/\/curlsforyou.dk\/#organization","name":"CurlsForYou","url":"https:\/\/curlsforyou.dk\/","logo":{"@type":"ImageObject","inLanguage":"sv-SE","@id":"https:\/\/curlsforyou.dk\/#\/schema\/logo\/image\/","url":"","contentUrl":"","caption":"CurlsForYou"},"image":{"@id":"https:\/\/curlsforyou.dk\/#\/schema\/logo\/image\/"},"sameAs":["https:\/\/www.facebook.com\/curlsforyou","https:\/\/www.instagram.com\/curlsforyou.dk\/"]},{"@type":"Person","@id":"https:\/\/curlsforyou.dk\/#\/schema\/person\/d5845e75ad93e1abf9644f4db7b2e2fe","name":"CurlsForYou","image":{"@type":"ImageObject","inLanguage":"sv-SE","@id":"https:\/\/secure.gravatar.com\/avatar\/bd3ecb3ab9f2f5704283cbc49fbc5aea02b0138ea57bf5edcb3a33d549d7fb5b?s=96&d=mm&r=g","url":"https:\/\/secure.gravatar.com\/avatar\/bd3ecb3ab9f2f5704283cbc49fbc5aea02b0138ea57bf5edcb3a33d549d7fb5b?s=96&d=mm&r=g","contentUrl":"https:\/\/secure.gravatar.com\/avatar\/bd3ecb3ab9f2f5704283cbc49fbc5aea02b0138ea57bf5edcb3a33d549d7fb5b?s=96&d=mm&r=g","caption":"CurlsForYou"},"sameAs":["https:\/\/curlsforyou.dk"],"url":"https:\/\/curlsforyou.dk\/se\/author\/curlsforyou\/"}]}},"_links":{"self":[{"href":"https:\/\/curlsforyou.dk\/se\/wp-json\/wp\/v2\/posts\/123646","targetHints":{"allow":["GET"]}}],"collection":[{"href":"https:\/\/curlsforyou.dk\/se\/wp-json\/wp\/v2\/posts"}],"about":[{"href":"https:\/\/curlsforyou.dk\/se\/wp-json\/wp\/v2\/types\/post"}],"author":[{"embeddable":true,"href":"https:\/\/curlsforyou.dk\/se\/wp-json\/wp\/v2\/users\/2"}],"replies":[{"embeddable":true,"href":"https:\/\/curlsforyou.dk\/se\/wp-json\/wp\/v2\/comments?post=123646"}],"version-history":[{"count":2,"href":"https:\/\/curlsforyou.dk\/se\/wp-json\/wp\/v2\/posts\/123646\/revisions"}],"predecessor-version":[{"id":123668,"href":"https:\/\/curlsforyou.dk\/se\/wp-json\/wp\/v2\/posts\/123646\/revisions\/123668"}],"wp:featuredmedia":[{"embeddable":true,"href":"https:\/\/curlsforyou.dk\/se\/wp-json\/wp\/v2\/media\/123648"}],"wp:attachment":[{"href":"https:\/\/curlsforyou.dk\/se\/wp-json\/wp\/v2\/media?parent=123646"}],"wp:term":[{"taxonomy":"category","embeddable":true,"href":"https:\/\/curlsforyou.dk\/se\/wp-json\/wp\/v2\/categories?post=123646"},{"taxonomy":"post_tag","embeddable":true,"href":"https:\/\/curlsforyou.dk\/se\/wp-json\/wp\/v2\/tags?post=123646"}],"curies":[{"name":"wp","href":"https:\/\/api.w.org\/{rel}","templated":true}]}}